{"id":29820,"date":"2024-12-03T08:37:15","date_gmt":"2024-12-03T13:37:15","guid":{"rendered":"https:\/\/explorelesmines.com\/?p=29820"},"modified":"2024-12-03T08:37:15","modified_gmt":"2024-12-03T13:37:15","slug":"que-la-14eme-edition-du-defi-zoom-minier-commence","status":"publish","type":"post","link":"https:\/\/explorelesmines.com\/fr\/que-la-14eme-edition-du-defi-zoom-minier-commence\/","title":{"rendered":"Que la 14\u00e8me \u00e9dition du d\u00e9fi Zoom Minier commence !"},"content":{"rendered":"<p><strong>QU\u00c9BEC, le 3\u00a0d\u00e9cembre 2024<\/strong> \u2013 Cette semaine, le Comit\u00e9 sectoriel de main-d\u2019\u0153uvre de l\u2019industrie des mines et l\u2019Institut national des mines du Qu\u00e9bec lance la 14 \u00e9dition de Zoom Minier, un d\u00e9fi scolaire destin\u00e9 \u00e0 tous les \u00e9l\u00e8ves du secondaire du Qu\u00e9bec. La derni\u00e8re \u00e9dition du concours a \u00e9t\u00e9 couronn\u00e9e de succ\u00e8s et a attir\u00e9 446 \u00e9l\u00e8ves de 25 \u00e9coles diff\u00e9rentes situ\u00e9es dans toutes les r\u00e9gions du Qu\u00e9bec, de l&rsquo;Abitibi \u00e0 Montr\u00e9al, en passant par la Capitale-Nationale, et jusqu&rsquo;\u00e0 la C\u00f4te-Nord. Les 7\u00a0\u00e9quipes gagnantes avaient \u00e9t\u00e9 s\u00e9lectionn\u00e9es parmi les 144\u00a0courts-m\u00e9trages re\u00e7us.<\/p>\n<p><strong>Les inscriptions sont ouvertes<\/strong><strong>\u2009<\/strong><strong>!<\/strong><\/p>\n<p>Des 4\u00a0coins de la province, tous les \u00e9l\u00e8ves du secondaire auront l\u2019opportunit\u00e9 unique de tenter de gagner un grand prix de 1\u2009000\u00a0$ en jouant les r\u00e9alisateurs amateurs pour tourner un court-m\u00e9trage sur l\u2019importance des mines et des min\u00e9raux dans la vie de tous les jours, abordant l\u2019un des six th\u00e8mes propos\u00e9s, tels que \u00ab\u2009les technologies utilis\u00e9es dans les mines\u2009\u00bb et \u00ab\u2009une industrie, plus de 100\u00a0professions et m\u00e9tiers diff\u00e9rents\u2009\u00bb. En plus de remporter l\u2019un des nombreux prix en argent (plus de 5\u2009000\u00a0$ au total), les \u00e9quipes gagnantes auront la chance d\u2019\u00eatre invit\u00e9es \u00e0 profiter d\u2019une fin de semaine d\u2019activit\u00e9s \u00e0 Qu\u00e9bec, transport et h\u00e9bergement inclus. Ce d\u00e9fi est l\u2019occasion pour les \u00e9l\u00e8ves de d\u00e9couvrir l\u2019importance de l\u2019industrie mini\u00e8re et des min\u00e9raux dans\u00a0la vie de tous les jours et d\u2019acqu\u00e9rir une foule de connaissances \u00e0 ce sujet.<\/p>\n<p><strong>Collaboration avec ArcelorMittal<\/strong><\/p>\n<p>La collaboration de l\u2019entreprise ArcelorMittal Exploitation mini\u00e8re Canada S.E.N.C. permet notamment d\u2019assurer la p\u00e9rennit\u00e9 et le rayonnement du d\u00e9fi partout au Qu\u00e9bec ainsi que la remise du prix \u00ab\u2009Coup de c\u0153ur ArcelorMittal\u2009\u00bb. L\u2019entreprise s\u00e9lectionnera, \u00e0 titre de coup de c\u0153ur, un court-m\u00e9trage marquant parmi tous les courts-m\u00e9trages class\u00e9s de la 4e \u00e0 la 10e\u00a0position au classement g\u00e9n\u00e9ral. L\u2019\u00e9quipe derri\u00e8re ce court-m\u00e9trage sera invit\u00e9e \u00e0 participer \u00e0 la fin de semaine d\u2019activit\u00e9s et \u00e0 la soir\u00e9e de remise de prix pour recevoir un cadeau-surprise.<\/p>\n<p><strong>Nouvelle collaboration <\/strong><\/p>\n<p>Un nouveau partenaire vient s\u2019ajouter au d\u00e9fi Zoom Minier. Il s\u2019agit de l\u2019entreprise Nouveau Monde Graphite. Il se joigne \u00e0 l\u2019aventure dans le cadre d\u2019un nouveau th\u00e8me li\u00e9 aux min\u00e9raux critiques et strat\u00e9giques. L\u2019entreprise remettra un prix sp\u00e9cial parmi une s\u00e9lection de finalistes en lien avec le th\u00e8me.<\/p>\n<p><strong>R\u00e8glement du concours<\/strong><\/p>\n<p>L\u2019inscription des participants se fait directement en ligne au <a href=\"https:\/\/zoomminier.com\/concours-inscription\/\">zoomminier.com<\/a>. Sur ce site Web, on trouve \u00e9galement les r\u00e8glements du d\u00e9fi, les dates importantes, les courts-m\u00e9trages gagnants des \u00e9ditions pr\u00e9c\u00e9dentes et tous les renseignements techniques n\u00e9cessaires \u00e0 la production des vid\u00e9os. Les \u00e9l\u00e8ves ont jusqu\u2019au 14\u00a0mars prochain pour s\u2019inscrire et jusqu\u2019au 28 mars pour d\u00e9poser les vid\u00e9os de leurs courts-m\u00e9trages sur le site Internet du concours. Vous pouvez nous suivre sur notre page Facebook Zoom Minier pour de plus amples informations sur le d\u00e9fi.<\/p>\n<p><strong>\u00c0 propos du CSMO Mines<\/strong><\/p>\n<p><em>Le Comit\u00e9 sectoriel de main-d\u2019\u0153uvre de l\u2019industrie des mines est une structure de concertation \u00e0 l\u2019int\u00e9rieur de laquelle des repr\u00e9sentants d\u2019entreprises et d\u2019associations de travailleurs du secteur minier mettent en \u0153uvre des strat\u00e9gies visant \u00e0 r\u00e9pondre aux d\u00e9fis communs d\u2019attraction et de d\u00e9veloppement de la main-d\u2019\u0153uvre ainsi qu\u2019aux enjeux de la gestion des ressources humaines de l\u2019industrie mini\u00e8re.<\/em><\/p>\n<p><strong>\u00c0 propos de l&rsquo;INMQ<\/strong><\/p>\n<p><em>L\u2019Institut national des mines a pour mission de soutenir le gouvernement dans l\u2019exercice de sa responsabilit\u00e9 en mati\u00e8re d\u2019\u00e9ducation dans le secteur minier. Il a notamment pour mandat de maximiser la capacit\u00e9 de formation de la main-d\u2019\u0153uvre, en optimisant les moyens disponibles et en les utilisant selon une vision concert\u00e9e de tous les acteurs du secteur minier.<\/em><\/p>\n<p style=\"text-align: center;\">\u2013 30 \u2013<\/p>\n<p><strong>Source :<\/strong><br \/>\nPascale Gobeil, Conseill\u00e8re en communications et charg\u00e9e de projets \u2013 Promotion des m\u00e9tiers<br \/>\nComit\u00e9 sectoriel de main-d\u2019\u0153uvre de l\u2019industrie des mines<br \/>\n418\u00a0261-5832 | <a href=\"mailto:pgobeil@csmomines.qc.ca\">pgobeil@csmomines.qc.ca<\/a><br \/>\nexplorelesmines.com<\/p>\n","protected":false},"excerpt":{"rendered":"<p>QU\u00c9BEC, le 3\u00a0d\u00e9cembre 2024 \u2013 Cette semaine, le Comit\u00e9 sectoriel de main-d\u2019\u0153uvre de l\u2019industrie des mines et l\u2019Institut national des mines du Qu\u00e9bec lance la 14 \u00e9dition de Zoom Minier, un d\u00e9fi scolaire destin\u00e9 \u00e0 tous les \u00e9l\u00e8ves du secondaire du Qu\u00e9bec. La derni\u00e8re \u00e9dition du concours a \u00e9t\u00e9 couronn\u00e9e de succ\u00e8s et a attir\u00e9 [&hellip;]<\/p>\n","protected":false},"author":196,"featured_media":29822,"comment_status":"closed","ping_status":"open","sticky":false,"template":"","format":"standard","meta":{"_seopress_robots_primary_cat":"none","footnotes":""},"categories":[49],"tags":[],"acf":[],"_links":{"self":[{"href":"https:\/\/explorelesmines.com\/fr\/wp-json\/wp\/v2\/posts\/29820"}],"collection":[{"href":"https:\/\/explorelesmines.com\/fr\/wp-json\/wp\/v2\/posts"}],"about":[{"href":"https:\/\/explorelesmines.com\/fr\/wp-json\/wp\/v2\/types\/post"}],"author":[{"embeddable":true,"href":"https:\/\/explorelesmines.com\/fr\/wp-json\/wp\/v2\/users\/196"}],"replies":[{"embeddable":true,"href":"https:\/\/explorelesmines.com\/fr\/wp-json\/wp\/v2\/comments?post=29820"}],"version-history":[{"count":1,"href":"https:\/\/explorelesmines.com\/fr\/wp-json\/wp\/v2\/posts\/29820\/revisions"}],"predecessor-version":[{"id":29821,"href":"https:\/\/explorelesmines.com\/fr\/wp-json\/wp\/v2\/posts\/29820\/revisions\/29821"}],"wp:featuredmedia":[{"embeddable":true,"href":"https:\/\/explorelesmines.com\/fr\/wp-json\/wp\/v2\/media\/29822"}],"wp:attachment":[{"href":"https:\/\/explorelesmines.com\/fr\/wp-json\/wp\/v2\/media?parent=29820"}],"wp:term":[{"taxonomy":"category","embeddable":true,"href":"https:\/\/explorelesmines.com\/fr\/wp-json\/wp\/v2\/categories?post=29820"},{"taxonomy":"post_tag","embeddable":true,"href":"https:\/\/explorelesmines.com\/fr\/wp-json\/wp\/v2\/tags?post=29820"}],"curies":[{"name":"wp","href":"https:\/\/api.w.org\/{rel}","templated":true}]}}