{"id":14727,"date":"2022-10-18T12:36:20","date_gmt":"2022-10-18T16:36:20","guid":{"rendered":"http:\/\/explorelesmines.com\/?p=14727"},"modified":"2023-07-26T09:16:24","modified_gmt":"2023-07-26T13:16:24","slug":"le-pavillon-explore-les-mines-cest-le-temps-de-sinscrire","status":"publish","type":"post","link":"https:\/\/explorelesmines.com\/fr\/le-pavillon-explore-les-mines-cest-le-temps-de-sinscrire\/","title":{"rendered":"Le Pavillon Explore les mines \u2013 C\u2019est le temps de s\u2019inscrire !"},"content":{"rendered":"\t\t<div data-elementor-type=\"wp-post\" data-elementor-id=\"14727\" class=\"elementor elementor-14727\" data-elementor-post-type=\"post\">\n\t\t\t\t\t\t<section class=\"has_ae_slider elementor-section elementor-top-section elementor-element elementor-element-c73bede negativeinnerrow elementor-section-boxed elementor-section-height-default elementor-section-height-default ae-bg-gallery-type-default\" data-id=\"c73bede\" data-element_type=\"section\">\n\t\t\t\t\t\t<div class=\"elementor-container elementor-column-gap-default\">\n\t\t\t\t\t<div class=\"has_ae_slider elementor-column elementor-col-100 elementor-top-column elementor-element elementor-element-4a0834d ae-bg-gallery-type-default\" data-id=\"4a0834d\" data-element_type=\"column\">\n\t\t\t<div class=\"elementor-widget-wrap elementor-element-populated\">\n\t\t\t\t\t\t<div class=\"elementor-element elementor-element-0bc92ac elementor-widget elementor-widget-heading\" data-id=\"0bc92ac\" data-element_type=\"widget\" data-widget_type=\"heading.default\">\n\t\t\t\t<div class=\"elementor-widget-container\">\n\t\t\t<style>\/*! elementor - v3.19.0 - 07-02-2024 *\/\n.elementor-heading-title{padding:0;margin:0;line-height:1}.elementor-widget-heading .elementor-heading-title[class*=elementor-size-]>a{color:inherit;font-size:inherit;line-height:inherit}.elementor-widget-heading .elementor-heading-title.elementor-size-small{font-size:15px}.elementor-widget-heading .elementor-heading-title.elementor-size-medium{font-size:19px}.elementor-widget-heading .elementor-heading-title.elementor-size-large{font-size:29px}.elementor-widget-heading .elementor-heading-title.elementor-size-xl{font-size:39px}.elementor-widget-heading .elementor-heading-title.elementor-size-xxl{font-size:59px}<\/style><h3 class=\"elementor-heading-title elementor-size-default\">Le Pavillon Explore les mines \u2013 C\u2019est le temps de s\u2019inscrire !<\/h3>\t\t<\/div>\n\t\t\t\t<\/div>\n\t\t\t\t<div class=\"elementor-element elementor-element-b2435c8 elementor-widget elementor-widget-text-editor\" data-id=\"b2435c8\" data-element_type=\"widget\" data-widget_type=\"text-editor.default\">\n\t\t\t\t<div class=\"elementor-widget-container\">\n\t\t\t<style>\/*! elementor - v3.19.0 - 07-02-2024 *\/\n.elementor-widget-text-editor.elementor-drop-cap-view-stacked .elementor-drop-cap{background-color:#69727d;color:#fff}.elementor-widget-text-editor.elementor-drop-cap-view-framed .elementor-drop-cap{color:#69727d;border:3px solid;background-color:transparent}.elementor-widget-text-editor:not(.elementor-drop-cap-view-default) .elementor-drop-cap{margin-top:8px}.elementor-widget-text-editor:not(.elementor-drop-cap-view-default) .elementor-drop-cap-letter{width:1em;height:1em}.elementor-widget-text-editor .elementor-drop-cap{float:left;text-align:center;line-height:1;font-size:50px}.elementor-widget-text-editor .elementor-drop-cap-letter{display:inline-block}<\/style>\t\t\t\t<p>Le Pavillon Explore les mines est enfin de retour ! L\u2019\u00e9v\u00e9nement pr\u00e9sent\u00e9 dans le cadre de la Foire nationale de l\u2019emploi et du Salon national de l\u2019\u00e9ducation de Montr\u00e9al aura lieu les 14 et 15 octobre prochains au stade Olympique.<\/p><p>Depuis quelques ann\u00e9es, le Comit\u00e9 orchestre ce grand rassemblement qui permet \u00e0 l\u2019industrie mini\u00e8re de se mobiliser conjointement pour cr\u00e9er un environnement engageant (ou avantageux) afin que chaque exposant puisse b\u00e9n\u00e9ficier d\u2019un emplacement de choix et d\u2019acc\u00e9der \u00e0 une grande affluence de visiteurs. Le Pavillon Explore les mines figure parmi les secteurs les plus dynamiques et les mieux repr\u00e9sent\u00e9s en nombre d&rsquo;exposants chaque \u00e9dition !<\/p><p>Comme \u00e0 l\u2019habitude, le Pavillon Explore les mines sera positionn\u00e9 dans une zone mitoyenne entre les sections \u00ab carri\u00e8re \u00bb et \u00ab emploi \u00bb, ce qui permettra de promouvoir les opportunit\u00e9s d&#8217;emploi aupr\u00e8s des candidats actifs sur le march\u00e9 du travail ainsi que les programmes de formation et les carri\u00e8res aupr\u00e8s de la rel\u00e8ve.<\/p><p>Les entreprises et les \u00e9tablissements scolaires int\u00e9ress\u00e9s \u00e0 se joindre au regroupement obtiennent un rabais de regroupement sectoriel de 300 $, soit un rabais de 150 $ sur le co\u00fbt de l&rsquo;espace et de 150 $ en visibilit\u00e9<\/p><p>Si votre organisation souhaite participer au regroupement, contactez Mme Val\u00e9rie Dubreuil, Conseill\u00e8re en communication et charg\u00e9e de projets \u2013 promotion des m\u00e9tiers.<\/p><p>Val\u00e9rie Dubreuil<br \/><a href=\"mailto:vdubreuil@csmomines.qc.ca\">vdubreuil@csmomines.qc.ca<\/a><br \/>418 653-9254, poste 225<\/p>\t\t\t\t\t\t<\/div>\n\t\t\t\t<\/div>\n\t\t\t\t\t<\/div>\n\t\t<\/div>\n\t\t\t\t\t<\/div>\n\t\t<\/section>\n\t\t\t\t<\/div>\n\t\t","protected":false},"excerpt":{"rendered":"<p>Le Pavillon Explore les mines est enfin de retour ! L\u2019\u00e9v\u00e9nement pr\u00e9sent\u00e9 dans le cadre de la Foire nationale de l\u2019emploi et du Salon national de l\u2019\u00e9ducation de Montr\u00e9al aura lieu les 14 et 15 octobre prochains au stade Olympique.<\/p>\n","protected":false},"author":1,"featured_media":0,"comment_status":"closed","ping_status":"open","sticky":false,"template":"","format":"standard","meta":{"_seopress_robots_primary_cat":"none","footnotes":""},"categories":[33,40],"tags":[],"acf":[],"_links":{"self":[{"href":"https:\/\/explorelesmines.com\/fr\/wp-json\/wp\/v2\/posts\/14727"}],"collection":[{"href":"https:\/\/explorelesmines.com\/fr\/wp-json\/wp\/v2\/posts"}],"about":[{"href":"https:\/\/explorelesmines.com\/fr\/wp-json\/wp\/v2\/types\/post"}],"author":[{"embeddable":true,"href":"https:\/\/explorelesmines.com\/fr\/wp-json\/wp\/v2\/users\/1"}],"replies":[{"embeddable":true,"href":"https:\/\/explorelesmines.com\/fr\/wp-json\/wp\/v2\/comments?post=14727"}],"version-history":[{"count":2,"href":"https:\/\/explorelesmines.com\/fr\/wp-json\/wp\/v2\/posts\/14727\/revisions"}],"predecessor-version":[{"id":23435,"href":"https:\/\/explorelesmines.com\/fr\/wp-json\/wp\/v2\/posts\/14727\/revisions\/23435"}],"wp:attachment":[{"href":"https:\/\/explorelesmines.com\/fr\/wp-json\/wp\/v2\/media?parent=14727"}],"wp:term":[{"taxonomy":"category","embeddable":true,"href":"https:\/\/explorelesmines.com\/fr\/wp-json\/wp\/v2\/categories?post=14727"},{"taxonomy":"post_tag","embeddable":true,"href":"https:\/\/explorelesmines.com\/fr\/wp-json\/wp\/v2\/tags?post=14727"}],"curies":[{"name":"wp","href":"https:\/\/api.w.org\/{rel}","templated":true}]}}